{"id":709,"date":"2024-07-18T21:29:26","date_gmt":"2024-07-19T02:29:26","guid":{"rendered":"https:\/\/navarrobregonconsultores.net\/?p=709"},"modified":"2024-08-04T14:10:39","modified_gmt":"2024-08-04T19:10:39","slug":"debes-saber-declaracion-renta-juridicas","status":"publish","type":"post","link":"https:\/\/navarrobregonconsultores.net\/index.php\/2024\/07\/18\/debes-saber-declaracion-renta-juridicas\/","title":{"rendered":"TODO LO QUE DEBES SABER SOBRE LA DECLARACI\u00d3N DE RENTA PERSONAS JURIDICAS"},"content":{"rendered":"<p>[et_pb_section fb_built=&#8221;1&#8243; _builder_version=&#8221;4.23.4&#8243; _module_preset=&#8221;default&#8221; custom_padding=&#8221;5px||5px||false|false&#8221; global_colors_info=&#8221;{}&#8221;][et_pb_row _builder_version=&#8221;4.23.4&#8243; _module_preset=&#8221;default&#8221; global_colors_info=&#8221;{}&#8221;][et_pb_column type=&#8221;4_4&#8243; _builder_version=&#8221;4.23.4&#8243; _module_preset=&#8221;default&#8221; global_colors_info=&#8221;{}&#8221;][et_pb_image src=&#8221;https:\/\/navarrobregonconsultores.net\/wp-content\/uploads\/2024\/08\/RENTA-PERSONAS-JURIDICAS.png&#8221; title_text=&#8221;RENTA-PERSONAS-JURIDICAS&#8221; src_tablet=&#8221;https:\/\/navarrobregonconsultores.net\/wp-content\/uploads\/2024\/07\/serious-mature-legal-advisor-reading-analyzing-explaining-document-female-customer-scaled.jpg&#8221; src_phone=&#8221;https:\/\/navarrobregonconsultores.net\/wp-content\/uploads\/2024\/07\/serious-mature-legal-advisor-reading-analyzing-explaining-document-female-customer-scaled.jpg&#8221; src_last_edited=&#8221;on|desktop&#8221; _builder_version=&#8221;4.23.4&#8243; _module_preset=&#8221;default&#8221; global_colors_info=&#8221;{}&#8221;][\/et_pb_image][et_pb_text _builder_version=&#8221;4.23.4&#8243; _module_preset=&#8221;default&#8221; header_font_size=&#8221;24px&#8221; custom_padding=&#8221;1px|||||&#8221; global_colors_info=&#8221;{}&#8221;]<\/p>\n<h2><strong>TODO LO QUE DEBES SABER SOBRE <\/strong><strong>LA DECLARACI\u00d3N DE RENTA\u00a0 PERSONAS JUR\u00cdDICAS<\/strong><\/h2>\n<p>[\/et_pb_text][et_pb_text _builder_version=&#8221;4.23.4&#8243; _module_preset=&#8221;default&#8221; text_text_color=&#8221;#000000&#8243; global_colors_info=&#8221;{}&#8221;]<\/p>\n<p style=\"text-align: justify;\">En alg\u00fan momento se te han presentado dudas sobre las obligaciones financieras que debes realizar como empresa, en este espacio te daremos a conocer todo al respecto.<\/p>\n<p style=\"text-align: justify;\">Antes de darte claridad es importante conocer cu\u00e1l es el concepto jur\u00eddico de persona. De esta manera entendemos como persona a todo aquello que ejerza un derecho y pueda contraer obligaciones civiles y ser representada judicial y extrajudicialmente; Para ello tenemos: Primero, las <strong>personas naturales<\/strong>, que son personas f\u00edsicas o seres humanos que a t\u00edtulo personal o de manera directa responde por sus obligaciones ante el estado. Segundo, las <strong>personas jur\u00eddicas<\/strong> que son aquellas que responden a una sociedad conformada por varias o muchas personas, en este caso nos referimos a las empresas.<\/p>\n<p style=\"text-align: justify;\">Teniendo claro y en cuenta lo anterior te resolveremos var\u00edas preguntas y respuestas que podr\u00e1n ayudarte a entender mejor qu\u00e9 es la declaraci\u00f3n de renta de personas jur\u00eddicas.<\/p>\n<p style=\"text-align: justify;\"><strong>\u00bfQU\u00c9 ES LA DECLARACI\u00d3N DE RENTA DE PERSONAS JUR\u00cdDICAS?<\/strong><\/p>\n<p style=\"text-align: justify;\">La\u00a0declaraci\u00f3n de renta de personas jur\u00eddicas\u00a0es uno de los documentos m\u00e1s importantes que genera y presenta una empresa anualmente, ya que recopila todas aquellas actividades econ\u00f3micas realizadas por la compa\u00f1\u00eda.<\/p>\n<p style=\"text-align: justify;\">Este documento re\u00fane toda la informaci\u00f3n financiera y tributaria del a\u00f1o a presentar, para ello las empresas deber\u00e1n plantearse las siguientes preguntas par diligenciar el formato 210 de declaraci\u00f3n de renta:<\/p>\n<ul style=\"text-align: justify;\">\n<li>\u00bfCu\u00e1les fueron los\u00a0<strong>ingresos <\/strong>obtenidos el a\u00f1o inmediatamente anterior?<\/li>\n<li>\u00bfCu\u00e1l fue el <b>patrimonio obtenido<\/b>\u00a0el a\u00f1o inmediatamente anterior?<\/li>\n<li>\u00bfCu\u00e1les fueron los\u00a0<strong>pasivos o deudas\u00a0<\/strong>que se ten\u00edan a final del a\u00f1o gravable?<\/li>\n<li>\u00bfCu\u00e1les fueron los movimientos financieros del a\u00f1o gravable?<\/li>\n<li>\u00bfCu\u00e1les fueron los\u00a0<strong>costos y gastos\u00a0<\/strong>del a\u00f1o gravable ?<\/li>\n<li>\u00bfA qu\u00e9 <strong>deducciones<\/strong>\u00a0puedo aplicar?<\/li>\n<\/ul>\n<p style=\"text-align: justify;\">Este ejercicio te ayudar\u00e1 a comprender el comportamiento de tu empresa el a\u00f1o anterior y el objetivo de la declaraci\u00f3n de renta.<\/p>\n<p style=\"text-align: justify;\"><strong>\u00bfMI EMPRESA EST\u00c1 OBLIGADA A DECLARAR?<\/strong><\/p>\n<p style=\"text-align: justify;\">Toda empresa debe declarar renta s\u00f3lo por el hecho de existir y estar registrada legalmente ante la DIAN y la C\u00e1mara de Comercio, as\u00ed no haya tenido ning\u00fan movimiento, ning\u00fan ingreso o compra.<\/p>\n<p style=\"text-align: justify;\">Distinto es el caso de las personas naturales que deben declarar renta s\u00f3lo a partir de ciertos movimientos o topes.<\/p>\n<p style=\"text-align: justify;\">Por ello es que no se debe tener una empresa inactiva, y quiz\u00e1s lo mejor es liquidarla antes de seguir acumulando obligaciones tributarias sin cumplir.<\/p>\n<p style=\"text-align: justify;\"><strong>\u00bfPOR QU\u00c9 LAS EMPRESAS EST\u00c1N OBLIGADAS A DECLARAR? \u00bfBENEFICIA A MI EMPRESA?<\/strong><\/p>\n<p style=\"text-align: justify;\">Este tr\u00e1mite pone en conocimiento a la Direcci\u00f3n de Impuestos y Aduanas Nacionales (DIAN) sobre el patrimonio, los ingresos, los egresos, y las inversiones que la empresa contribuyente realiz\u00f3 durante el \u00faltimo a\u00f1o gravable, en este caso, el 2022.<\/p>\n<p style=\"text-align: justify;\">Por otro lado, cuanto m\u00e1s conscientes est\u00e1n las empresas de la informaci\u00f3n que se requiere para la\u00a0elaboraci\u00f3n de la\u00a0declaraci\u00f3n de renta\u00a0y los\u00a0plazos m\u00e1ximos de su presentaci\u00f3n, no solo tendr\u00e1 un instrumento que le permita tomar decisiones inteligentes, sino que tambi\u00e9n estar\u00e1 cumpliendo con\u00a0las exigencias de la DIAN.<\/p>\n<p style=\"text-align: justify;\"><strong>\u00bfQU\u00c9 TARIFA DE IMPUESTO DEBE PAGAR MI EMPRESA?<\/strong><\/p>\n<p style=\"text-align: justify;\">Las personas jur\u00eddicas pagar\u00e1n un impuesto de renta del 35% sobre las utilidades netas declaradas. Sin embargo, existen puntos porcentuales que algunas sociedades deben sumar a la tarifa general dependiendo del tipo de actividad de la empresa, tales como, por ejemplo, las sociedades financieras que pagar\u00e1n 5 puntos adicionales, quedando en 40% como impuesto de renta.<\/p>\n<p style=\"text-align: justify;\"><strong>SI NO PRESENTO MI DECLARACI\u00d3N DE RENTA EN LOS TIEMPOS ESTABLECIDOS, \u00bfQU\u00c9 SUCEDE?<\/strong><\/p>\n<p style=\"text-align: justify;\">Si presentas tu declaraci\u00f3n de renta despu\u00e9s de tu fecha l\u00edmite, tendr\u00e1s que pagar una sanci\u00f3n por declarar tarde, conocida como sanci\u00f3n por extemporaneidad. Esta sanci\u00f3n equivale al 5% de tu impuesto a cargo y aumenta con cada mes o fracci\u00f3n de mes que pase entre la fecha l\u00edmite de pago y la fecha en la cual se presente la declaraci\u00f3n de renta.<\/p>\n<p style=\"text-align: justify;\">Sin embargo, existe una sanci\u00f3n m\u00ednima que se pagar\u00e1 en 2023 por las obligaciones incumplidas o mal cumplidas con la DIAN, la cual es $424.000. Es decir que solo por declarar un d\u00eda tarde, ya tendr\u00edas que asumir este valor, incluso si tu declaraci\u00f3n de renta arroja un valor a pagar de cero.<\/p>\n<p style=\"text-align: justify;\"><strong>\u00bfQU\u00c9 DEBO TENER EN CUENTA PARA ELABORAR LA DECLARACI\u00d3N DE RENTA DE UNA PERSONA JUR\u00cdDICA?\u00a0<\/strong><\/p>\n<p style=\"text-align: justify;\">Te recomendamos que tengas la siguiente informaci\u00f3n para el diligenciamiento del formato 210 para declarar:<\/p>\n<ul>\n<li style=\"text-align: justify;\">Cierre contable<\/li>\n<li style=\"text-align: justify;\">Estados financieros<\/li>\n<li style=\"text-align: justify;\">Consolidaci\u00f3n<\/li>\n<li style=\"text-align: justify;\">Depuraci\u00f3n de terceros<\/li>\n<li style=\"text-align: justify;\">Cierre cuentas de impuestos<\/li>\n<li style=\"text-align: justify;\">Conciliaciones bancarias<\/li>\n<li style=\"text-align: justify;\">Claves portal DIAN<\/li>\n<li style=\"text-align: justify;\">Conciliaci\u00f3n de cuenta de socios<\/li>\n<\/ul>\n<p>[\/et_pb_text][\/et_pb_column][\/et_pb_row][et_pb_row _builder_version=&#8221;4.23.4&#8243; _module_preset=&#8221;default&#8221; global_colors_info=&#8221;{}&#8221;][et_pb_column type=&#8221;4_4&#8243; _builder_version=&#8221;4.23.4&#8243; _module_preset=&#8221;default&#8221; global_colors_info=&#8221;{}&#8221;][et_pb_text _builder_version=&#8221;4.23.4&#8243; _module_preset=&#8221;default&#8221; global_colors_info=&#8221;{}&#8221;]<\/p>\n<h2 style=\"text-align: center;\">ENTRADAS RECIENTES<\/h2>\n<p>[\/et_pb_text][et_pb_blog fullwidth=&#8221;off&#8221; posts_number=&#8221;4&#8243; include_categories=&#8221;1&#8243; use_manual_excerpt=&#8221;off&#8221; show_author=&#8221;off&#8221; show_date=&#8221;off&#8221; show_categories=&#8221;off&#8221; show_excerpt=&#8221;off&#8221; show_pagination=&#8221;off&#8221; _builder_version=&#8221;4.23.4&#8243; _module_preset=&#8221;default&#8221; header_text_align=&#8221;center&#8221; header_font_size=&#8221;13px&#8221; header_line_height=&#8221;1.3em&#8221; border_radii=&#8221;on|15px|15px|15px|15px&#8221; border_width_all=&#8221;0px&#8221; border_color_all=&#8221;#07546E&#8221; box_shadow_style=&#8221;preset3&#8243; global_colors_info=&#8221;{}&#8221;][\/et_pb_blog][\/et_pb_column][\/et_pb_row][\/et_pb_section]<\/p>\n","protected":false},"excerpt":{"rendered":"<p>TODO LO QUE DEBES SABER SOBRE LA DECLARACI\u00d3N DE RENTA\u00a0 PERSONAS JUR\u00cdDICASEn alg\u00fan momento se te han presentado dudas sobre las obligaciones financieras que debes realizar como empresa, en este espacio te daremos a conocer todo al respecto. Antes de darte claridad es importante conocer cu\u00e1l es el concepto jur\u00eddico de persona. De esta manera [&hellip;]<\/p>\n","protected":false},"author":1,"featured_media":742,"comment_status":"closed","ping_status":"closed","sticky":false,"template":"","format":"standard","meta":{"_et_pb_use_builder":"on","_et_pb_old_content":"<!-- wp:divi\/placeholder \/-->","_et_gb_content_width":"1080","footnotes":""},"categories":[1],"tags":[],"class_list":["post-709","post","type-post","status-publish","format-standard","has-post-thumbnail","hentry","category-sin-categoria"],"_links":{"self":[{"href":"https:\/\/navarrobregonconsultores.net\/index.php\/wp-json\/wp\/v2\/posts\/709","targetHints":{"allow":["GET"]}}],"collection":[{"href":"https:\/\/navarrobregonconsultores.net\/index.php\/wp-json\/wp\/v2\/posts"}],"about":[{"href":"https:\/\/navarrobregonconsultores.net\/index.php\/wp-json\/wp\/v2\/types\/post"}],"author":[{"embeddable":true,"href":"https:\/\/navarrobregonconsultores.net\/index.php\/wp-json\/wp\/v2\/users\/1"}],"replies":[{"embeddable":true,"href":"https:\/\/navarrobregonconsultores.net\/index.php\/wp-json\/wp\/v2\/comments?post=709"}],"version-history":[{"count":23,"href":"https:\/\/navarrobregonconsultores.net\/index.php\/wp-json\/wp\/v2\/posts\/709\/revisions"}],"predecessor-version":[{"id":822,"href":"https:\/\/navarrobregonconsultores.net\/index.php\/wp-json\/wp\/v2\/posts\/709\/revisions\/822"}],"wp:featuredmedia":[{"embeddable":true,"href":"https:\/\/navarrobregonconsultores.net\/index.php\/wp-json\/wp\/v2\/media\/742"}],"wp:attachment":[{"href":"https:\/\/navarrobregonconsultores.net\/index.php\/wp-json\/wp\/v2\/media?parent=709"}],"wp:term":[{"taxonomy":"category","embeddable":true,"href":"https:\/\/navarrobregonconsultores.net\/index.php\/wp-json\/wp\/v2\/categories?post=709"},{"taxonomy":"post_tag","embeddable":true,"href":"https:\/\/navarrobregonconsultores.net\/index.php\/wp-json\/wp\/v2\/tags?post=709"}],"curies":[{"name":"wp","href":"https:\/\/api.w.org\/{rel}","templated":true}]}}